{"id":238,"date":"2008-06-18T19:24:24","date_gmt":"2008-06-18T18:24:24","guid":{"rendered":"http:\/\/kurios.at\/storys\/238"},"modified":"2008-08-23T03:00:36","modified_gmt":"2008-08-23T01:00:36","slug":"loew-und-hickersberger-gesperrt","status":"publish","type":"post","link":"https:\/\/kurios.at\/storys\/238\/loew-und-hickersberger-gesperrt\/","title":{"rendered":"L\u00f6w und Hickersberger gesperrt"},"content":{"rendered":"<h1 class=\"storys\"><center>L&ouml;w und Hickersberger gesperrt<\/center><\/h1>\n<p><font class=\"storys\"><br \/>\n<br \/>\nBundestrainer Joachim L\u00f6w muss auch das Viertelfinalspiel der deutschen Elf gegen Portugal am Donnerstag von der Trib\u00fcne aus verfolgen. Nach seinem Platzverweis im Spiel gegen \u00d6sterreich verh\u00e4ngt die Uefa gegen L\u00f6w ein Spiel Sperre.<\/p>\n<p>Die deutsche Nationalmannschaft muss in ihrem EM-Viertelfinalspiel am Donnerstag gegen Portugal ohne Bundestrainer Joachim L\u00f6w auskommen. Die Disziplinarkommission der Uefa best\u00e4tigte am Mittwoch die Sperre gegen den DFB-Chefcoach f\u00fcr eine Partie. Der Deutsche Fu\u00dfball-Bund (DFB) konnte dies jedoch noch nicht best\u00e4tigen. &#8220;Wir haben noch keine Information&#8221;, sagte Medien-Direktor Harald Stenger.<\/p>\n<p>Der Gesamte Beitrag ist auf <a href=\"http:\/\/huhu.at\/buNE8U\" target=\"_new\"><strong>zoomer.de<\/strong><\/a> zu lesen.<\/p>\n","protected":false},"excerpt":{"rendered":"<p>L&ouml;w und Hickersberger gesperrt Bundestrainer Joachim L\u00f6w muss auch das Viertelfinalspiel der deutschen Elf gegen Portugal am Donnerstag von der Trib\u00fcne aus verfolgen. Nach seinem Platzverweis im Spiel gegen \u00d6sterreich verh\u00e4ngt die Uefa gegen L\u00f6w ein Spiel Sperre. Die deutsche Nationalmannschaft muss in ihrem EM-Viertelfinalspiel am Donnerstag gegen Portugal ohne Bundestrainer Joachim L\u00f6w auskommen. Die [&hellip;]<\/p>\n","protected":false},"author":1,"featured_media":0,"comment_status":"open","ping_status":"open","sticky":false,"template":"","format":"standard","meta":{"footnotes":""},"categories":[3],"tags":[],"class_list":["post-238","post","type-post","status-publish","format-standard","hentry","category-allgemein"],"_links":{"self":[{"href":"https:\/\/kurios.at\/storys\/wp-json\/wp\/v2\/posts\/238","targetHints":{"allow":["GET"]}}],"collection":[{"href":"https:\/\/kurios.at\/storys\/wp-json\/wp\/v2\/posts"}],"about":[{"href":"https:\/\/kurios.at\/storys\/wp-json\/wp\/v2\/types\/post"}],"author":[{"embeddable":true,"href":"https:\/\/kurios.at\/storys\/wp-json\/wp\/v2\/users\/1"}],"replies":[{"embeddable":true,"href":"https:\/\/kurios.at\/storys\/wp-json\/wp\/v2\/comments?post=238"}],"version-history":[{"count":0,"href":"https:\/\/kurios.at\/storys\/wp-json\/wp\/v2\/posts\/238\/revisions"}],"wp:attachment":[{"href":"https:\/\/kurios.at\/storys\/wp-json\/wp\/v2\/media?parent=238"}],"wp:term":[{"taxonomy":"category","embeddable":true,"href":"https:\/\/kurios.at\/storys\/wp-json\/wp\/v2\/categories?post=238"},{"taxonomy":"post_tag","embeddable":true,"href":"https:\/\/kurios.at\/storys\/wp-json\/wp\/v2\/tags?post=238"}],"curies":[{"name":"wp","href":"https:\/\/api.w.org\/{rel}","templated":true}]}}