{"id":242,"date":"2008-06-22T11:24:59","date_gmt":"2008-06-22T10:24:59","guid":{"rendered":"http:\/\/kurios.at\/storys\/242"},"modified":"-0001-11-30T00:00:00","modified_gmt":"-0001-11-29T22:00:00","slug":"Final-Destination-in-Oesterreich-Part-2","status":"publish","type":"post","link":"https:\/\/kurios.at\/storys\/242\/Final-Destination-in-Oesterreich-Part-2\/","title":{"rendered":"Final Destination in \u00d6sterreich | Part 2"},"content":{"rendered":"<h1 class=\"storys\"><center>Tot: Sch\u00fcler st\u00fcrzte vom Rad gegen Motorrad<\/center><\/h1>\n<p><font class=\"storys\"><br \/>\n<br \/>\nBAD GOISERN. Ohne Fremdverschulden st\u00fcrzte ein 19-j\u00e4hriger franz\u00f6sischer Sch\u00fcler der Holzfachschule Hallstatt mit seinem Fahrrad. W\u00e4re nicht zur gleichen Zeit ein Motorrad auf der B 166 gewesen, h\u00e4tte der Franzose den Sturz auch \u00fcberlebt. Er schlug aber mit dem Kopf auf den Sturzb\u00fcgel des Motorrades und erlag noch an der Unfallstelle den schweren Verletzungen.<\/p>\n<p>Der junge Franzose, Jean F., war am Samstag gegen 15.15 Uhr mit seinem Fahrrad auf der B 166 in Richtung Hallstatt unterwegs, als er mit dem Vorderrad auf das Bankett kam und in Richtung Fahrbahmitte st\u00fcrzte. Zur gleichen Zeit fuhr ein Motorradfaher mit deutschem Kennzeichen (LA) in Richtung Hallstatt. F. schlug beim Sturz mit dem Kopf gegen den Sturzb\u00fcgel des Boxermotors der BMW. Dabei erlitt er so schwere Verletzungen, dass er trotz versuchter Reanimation um 16.05 Uhr an der Unfallstelle verstarb.<\/p>\n<p>Die Fahrbahn war zum Unfallzeitpunkt trocken, es war sonnig und schw\u00fcl.<br \/>\nDer Tod des Fahrradfahrers wurde vom Notarzt der \u00d6AMTC-Hubschraubers festgestellt und vom Gemeindearzt best\u00e4tigt. Um alle Eventualit\u00e4ten auszuschlie\u00dfen, wurde eine sanit\u00e4tspolizeiliche Leichen\u00f6ffnung beantragt. Die Angeh\u00f6rigen in Frankreich wurden \u00fcber die franz\u00f6sische Botschaft verst\u00e4ndigt.<\/p>\n","protected":false},"excerpt":{"rendered":"<p>Tot: Sch\u00fcler st\u00fcrzte vom Rad gegen Motorrad BAD GOISERN. Ohne Fremdverschulden st\u00fcrzte ein 19-j\u00e4hriger franz\u00f6sischer Sch\u00fcler der Holzfachschule Hallstatt mit seinem Fahrrad. W\u00e4re nicht zur gleichen Zeit ein Motorrad auf der B 166 gewesen, h\u00e4tte der Franzose den Sturz auch \u00fcberlebt. Er schlug aber mit dem Kopf auf den Sturzb\u00fcgel des Motorrades und erlag noch [&hellip;]<\/p>\n","protected":false},"author":1,"featured_media":0,"comment_status":"open","ping_status":"open","sticky":false,"template":"","format":"standard","meta":{"footnotes":""},"categories":[3],"tags":[],"class_list":["post-242","post","type-post","status-publish","format-standard","hentry","category-allgemein"],"_links":{"self":[{"href":"https:\/\/kurios.at\/storys\/wp-json\/wp\/v2\/posts\/242","targetHints":{"allow":["GET"]}}],"collection":[{"href":"https:\/\/kurios.at\/storys\/wp-json\/wp\/v2\/posts"}],"about":[{"href":"https:\/\/kurios.at\/storys\/wp-json\/wp\/v2\/types\/post"}],"author":[{"embeddable":true,"href":"https:\/\/kurios.at\/storys\/wp-json\/wp\/v2\/users\/1"}],"replies":[{"embeddable":true,"href":"https:\/\/kurios.at\/storys\/wp-json\/wp\/v2\/comments?post=242"}],"version-history":[{"count":0,"href":"https:\/\/kurios.at\/storys\/wp-json\/wp\/v2\/posts\/242\/revisions"}],"wp:attachment":[{"href":"https:\/\/kurios.at\/storys\/wp-json\/wp\/v2\/media?parent=242"}],"wp:term":[{"taxonomy":"category","embeddable":true,"href":"https:\/\/kurios.at\/storys\/wp-json\/wp\/v2\/categories?post=242"},{"taxonomy":"post_tag","embeddable":true,"href":"https:\/\/kurios.at\/storys\/wp-json\/wp\/v2\/tags?post=242"}],"curies":[{"name":"wp","href":"https:\/\/api.w.org\/{rel}","templated":true}]}}