{"id":469,"date":"2008-10-19T21:02:47","date_gmt":"2008-10-19T19:02:47","guid":{"rendered":"http:\/\/kurios.at\/storys\/?p=469"},"modified":"2008-10-19T21:02:47","modified_gmt":"2008-10-19T19:02:47","slug":"sechslinge-in-berlin","status":"publish","type":"post","link":"https:\/\/kurios.at\/storys\/469\/sechslinge-in-berlin\/","title":{"rendered":"Sechslinge in Berlin"},"content":{"rendered":"<h1 class=\"storys\"><center>4 Jungs, 2 M\u00e4dchen und eine Mama<\/center><\/h1>\n<p><font class=\"storys\"><br \/>\n<br \/>\nIm <a href=\"http:\/\/huhu.at\/rrEeiE2eTT\" target=\"_maps\" title=\"Berliner Charite auf Google Maps\"><strong>Berliner<\/strong><\/a> <a href=\"http:\/\/www.charite.de\/\" target=\"_blank\"><strong>Krankenhaus Charite<\/strong><\/a> sind nach Informationen der &#8220;<a href=\"http:\/\/www.berlinonline.de\/berliner-zeitung\/berlin\/111994\/\" target=\"_blank\"><strong>Berliner Zeitung<\/strong><\/a>&#8221; Sechslinge geboren worden. Die vier Buben und zwei M\u00e4dchen seien am Donnerstag (16. Oktober) zur Welt gekommen, berichtet das Blatt. Die Kinder seien im sechsten Schwangerschaftsmonat geboren worden, ihr Gesundheitszustand sei den Umst\u00e4nden entsprechend, soll aber stabil sein.<\/p>\n<p>Die Sprecherin der Charite, Kerstin Endele, wollte sich zu dem Fall nicht \u00e4u\u00dfern. Es gelte die \u00e4rztliche Schweigepflicht, sagte sie der Zeitung. Die Geburt von Sechslingen ist \u00e4u\u00dferst selten.<\/p>\n<p><strong>Links:<\/strong><br \/>\n<a href=\"http:\/\/www.berlinonline.de\/berliner-zeitung\/\">Berliner Zeitung<\/a><br \/>\n<a href=\"http:\/\/www.berlinonline.de\/\">Berlin Stadt<\/a><br \/>\n<a href=\"http:\/\/www.charite.de\/charite\/\">Berliner Charite<\/a><\/p>\n","protected":false},"excerpt":{"rendered":"<p>4 Jungs, 2 M\u00e4dchen und eine Mama Im Berliner Krankenhaus Charite sind nach Informationen der &#8220;Berliner Zeitung&#8221; Sechslinge geboren worden. Die vier Buben und zwei M\u00e4dchen seien am Donnerstag (16. Oktober) zur Welt gekommen, berichtet das Blatt. Die Kinder seien im sechsten Schwangerschaftsmonat geboren worden, ihr Gesundheitszustand sei den Umst\u00e4nden entsprechend, soll aber stabil sein. [&hellip;]<\/p>\n","protected":false},"author":1,"featured_media":0,"comment_status":"open","ping_status":"open","sticky":false,"template":"","format":"standard","meta":{"footnotes":""},"categories":[3],"tags":[403,300,400,404,402,405,401],"class_list":["post-469","post","type-post","status-publish","format-standard","hentry","category-allgemein","tag-baby","tag-berlin","tag-charite","tag-geburt","tag-kinder","tag-schwangerschaft","tag-sechslinge"],"_links":{"self":[{"href":"https:\/\/kurios.at\/storys\/wp-json\/wp\/v2\/posts\/469","targetHints":{"allow":["GET"]}}],"collection":[{"href":"https:\/\/kurios.at\/storys\/wp-json\/wp\/v2\/posts"}],"about":[{"href":"https:\/\/kurios.at\/storys\/wp-json\/wp\/v2\/types\/post"}],"author":[{"embeddable":true,"href":"https:\/\/kurios.at\/storys\/wp-json\/wp\/v2\/users\/1"}],"replies":[{"embeddable":true,"href":"https:\/\/kurios.at\/storys\/wp-json\/wp\/v2\/comments?post=469"}],"version-history":[{"count":0,"href":"https:\/\/kurios.at\/storys\/wp-json\/wp\/v2\/posts\/469\/revisions"}],"wp:attachment":[{"href":"https:\/\/kurios.at\/storys\/wp-json\/wp\/v2\/media?parent=469"}],"wp:term":[{"taxonomy":"category","embeddable":true,"href":"https:\/\/kurios.at\/storys\/wp-json\/wp\/v2\/categories?post=469"},{"taxonomy":"post_tag","embeddable":true,"href":"https:\/\/kurios.at\/storys\/wp-json\/wp\/v2\/tags?post=469"}],"curies":[{"name":"wp","href":"https:\/\/api.w.org\/{rel}","templated":true}]}}