{"id":508,"date":"2008-11-26T23:23:42","date_gmt":"2008-11-26T21:23:42","guid":{"rendered":"http:\/\/kurios.at\/storys\/?p=508"},"modified":"2008-11-27T00:05:19","modified_gmt":"2008-11-26T22:05:19","slug":"astronautin-yes-its-a-woman-verliert-werkzeugbox-im-all","status":"publish","type":"post","link":"https:\/\/kurios.at\/storys\/508\/astronautin-yes-its-a-woman-verliert-werkzeugbox-im-all\/","title":{"rendered":"Astronautin (yes, its a woman) verliert Werkzeugbox im All"},"content":{"rendered":"<h1 class=\"storys\"><center>Astronautin verliert Werkzeug im All<\/center><\/h1>\n<p><font class=\"storys\"><br \/>\n<br \/>\nDie US-Astronautin Heidemarie Stefanyshyn-Piper hat vergangene Woche bei Wartungsarbeiten an der ISS ihre Werkzeugtasche verloren. Seitdem umrundet die Tasche die Erde. Hobbyastronomen haben sie nun am Nachthimmel ersp\u00e4ht. Zurzeit ist sie auch \u00fcber Europa zu sehen ? eine Webseite nennt die \u00dcberflugzeiten.<br \/>\n<center><br \/>\n<object width=\"425\" height=\"344\"><param name=\"movie\" value=\"http:\/\/www.youtube.com\/v\/Y2WxffbLFuY&#038;hl=en&#038;fs=1&#038;rel=0&#038;color1=0x2b405b&#038;color2=0x6b8ab6\"><\/param><param name=\"allowFullScreen\" value=\"true\"><\/param><param name=\"allowscriptaccess\" value=\"always\"><\/param><embed src=\"http:\/\/www.youtube.com\/v\/Y2WxffbLFuY&#038;hl=en&#038;fs=1&#038;rel=0&#038;color1=0x2b405b&#038;color2=0x6b8ab6\" type=\"application\/x-shockwave-flash\" allowscriptaccess=\"always\" allowfullscreen=\"true\" width=\"425\" height=\"344\"><\/embed><\/object><br \/>\n<\/center><\/p>\n<p>Und hier sieht man einen wei\u00dfen Punkt vorbeifliegen. Das ist die Tasche von der Erde aus.<\/p>\n<p><center><br \/>\n<object width=\"425\" height=\"344\"><param name=\"movie\" value=\"http:\/\/www.youtube.com\/v\/MbtCg07HCvU&#038;hl=en&#038;fs=1&#038;rel=0&#038;color1=0x2b405b&#038;color2=0x6b8ab6\"><\/param><param name=\"allowFullScreen\" value=\"true\"><\/param><param name=\"allowscriptaccess\" value=\"always\"><\/param><embed src=\"http:\/\/www.youtube.com\/v\/MbtCg07HCvU&#038;hl=en&#038;fs=1&#038;rel=0&#038;color1=0x2b405b&#038;color2=0x6b8ab6\" type=\"application\/x-shockwave-flash\" allowscriptaccess=\"always\" allowfullscreen=\"true\" width=\"425\" height=\"344\"><\/embed><\/object><br \/>\n<\/center><\/p>\n<p><strong>Links:<\/strong><br \/>\n<a href=\"http:\/\/spaceweather.com\/flybys\/index_coords.php\">\u00dcberflugzeiten<\/a><br \/>\n<a href=\"http:\/\/www.welt.de\/wissenschaft\/weltraum\/article2774927\/ISS-Werkzeugtasche-auch-von-Europa-aus-sichtbar.html\">Ausf\u00fchrlicher Bericht<\/a><br \/>\n<a href=\"http:\/\/www.nasa.gov\">NASA<\/a><\/p>\n","protected":false},"excerpt":{"rendered":"<p>Astronautin verliert Werkzeug im All Die US-Astronautin Heidemarie Stefanyshyn-Piper hat vergangene Woche bei Wartungsarbeiten an der ISS ihre Werkzeugtasche verloren. Seitdem umrundet die Tasche die Erde. Hobbyastronomen haben sie nun am Nachthimmel ersp\u00e4ht. Zurzeit ist sie auch \u00fcber Europa zu sehen ? eine Webseite nennt die \u00dcberflugzeiten. Und hier sieht man einen wei\u00dfen Punkt vorbeifliegen. [&hellip;]<\/p>\n","protected":false},"author":1,"featured_media":0,"comment_status":"open","ping_status":"open","sticky":false,"template":"","format":"standard","meta":{"footnotes":""},"categories":[4],"tags":[501,497,499,500,498],"class_list":["post-508","post","type-post","status-publish","format-standard","hentry","category-mystisch","tag-bag","tag-iss","tag-tasche","tag-tool","tag-werkzeug"],"_links":{"self":[{"href":"https:\/\/kurios.at\/storys\/wp-json\/wp\/v2\/posts\/508","targetHints":{"allow":["GET"]}}],"collection":[{"href":"https:\/\/kurios.at\/storys\/wp-json\/wp\/v2\/posts"}],"about":[{"href":"https:\/\/kurios.at\/storys\/wp-json\/wp\/v2\/types\/post"}],"author":[{"embeddable":true,"href":"https:\/\/kurios.at\/storys\/wp-json\/wp\/v2\/users\/1"}],"replies":[{"embeddable":true,"href":"https:\/\/kurios.at\/storys\/wp-json\/wp\/v2\/comments?post=508"}],"version-history":[{"count":0,"href":"https:\/\/kurios.at\/storys\/wp-json\/wp\/v2\/posts\/508\/revisions"}],"wp:attachment":[{"href":"https:\/\/kurios.at\/storys\/wp-json\/wp\/v2\/media?parent=508"}],"wp:term":[{"taxonomy":"category","embeddable":true,"href":"https:\/\/kurios.at\/storys\/wp-json\/wp\/v2\/categories?post=508"},{"taxonomy":"post_tag","embeddable":true,"href":"https:\/\/kurios.at\/storys\/wp-json\/wp\/v2\/tags?post=508"}],"curies":[{"name":"wp","href":"https:\/\/api.w.org\/{rel}","templated":true}]}}