{"id":589,"date":"2009-07-18T14:00:13","date_gmt":"2009-07-18T12:00:13","guid":{"rendered":"http:\/\/kurios.at\/storys\/?p=589"},"modified":"2009-07-18T14:00:13","modified_gmt":"2009-07-18T12:00:13","slug":"elfjaehriger-rettet-kleinkind","status":"publish","type":"post","link":"https:\/\/kurios.at\/storys\/589\/elfjaehriger-rettet-kleinkind\/","title":{"rendered":"Elfj\u00e4hriger rettet Kleinkind"},"content":{"rendered":"<h1 class=\"storys\"><center>Wo erwachsene wegschauen und Kinder sofort helfen<\/center><\/h1>\n<p><font class=\"storys\"><br \/>\n<br \/>\n<a href=\"http:\/\/n-tv.de\/\">n-tv.de<\/a> &#8211; Filip ist erst elf Jahre alt und doch schon ein Held. Am Riemer See in M\u00fcnchen hat er ein dreij\u00e4hriges M\u00e4dchen vor dem Ertrinken gerettet. &#8220;Der Junge hat alles richtig gemacht&#8221;, lobte Polizeisprecher Peter Reichl den Mut des Sch\u00fclers. Er habe gar nicht lange \u00fcberlegt und sei sofort ins Wasser gesprungen, um dem M\u00e4dchen zu helfen, sagt Filip.<\/p>\n<p>Bei der Pressekonferenz der Polizei ist Filip zwar etwas aufgeregt, erz\u00e4hlt aber genau, was passiert war. Seine Mutter spielte mit der kleinen Schwester im flachen Wasser, w\u00e4hrend er selbst ins tiefe Wasser zur Badeinsel durfte. Schlie\u00dflich kann Filip schwimmen, seitdem er vier Jahre alt ist, und er hat auch bereits das silberne Schwimmabzeichen.<\/p>\n<table>\n<tr>\n<td align=\"justify\">\n&#8220;Da haben wir Arschbombe oder Hecht gemacht&#8221;, erz\u00e4hlt der begeisterte Schwimmer. Und pl\u00f6tzlich ist da dieses fremde kleine M\u00e4dchen &#8211; nur rund einen Meter von der Badeinsel entfernt &#8211; und schnappt immer wieder nach Luft. &#8220;Sie hat aber keinen Laut von sich gegeben&#8221;, sagt Filip. Dann taucht die Kleine nicht mehr auf. Da wirft er kurz entschlossen die Baderegeln &#8211; sofort Hilfe zu holen, wenn jemand in Not ist &#8211; \u00fcber Bord und springt ins Wasser.<\/p>\n<p>Von dem M\u00e4dchen sind nur noch die gelockten Haare zu sehen, es kann sich aber an Filips Beine und seinen Bauch klammern. Da bleiben Filip nur noch die Arme und H\u00e4nde zum Schwimmen. &#8220;Es war m\u00fchsam, sie dahin zu bekommen, wo ich wieder stehen konnte&#8221;, erz\u00e4hlt der aus einer kroatischen Familie stammende Sch\u00fcler. Trotzdem bew\u00e4ltigt er am Rande seiner Kraft den Weg zum Ufer. Zu Hilfe kommt ihm dabei niemand. Auch als er wieder an Land ist, k\u00fcmmert sich niemand um ihn.<\/p>\n<p>Der Elfj\u00e4hrige spricht kurzerhand eine Frau an. Sie hilft ihm bei der Suche nach der Mutter der Kleinen, die aber zun\u00e4chst ohne Erfolg bleibt. Nach Angaben der Polizei stellt sich sp\u00e4ter heraus, dass die Mutter ihrer Tochter nach dem Baden die Schwimmsachen ausgezogen und sich dann selbst umgekleidet hat. Diesen unbeobachteten Moment nutzt die kleine Lucinda und kehrt ins Wasser zur\u00fcck.\n<\/td>\n<td align=\"right\" width=\"214\">\n<a href=\"http:\/\/kurios.at\/storys\/wp-content\/uploads\/2009\/07\/kindpolizei.jpg\" rel=\"lightbox[589]\"><img loading=\"lazy\" decoding=\"async\" src=\"http:\/\/kurios.at\/storys\/wp-content\/uploads\/2009\/07\/kindpolizei-204x300.jpg\" alt=\"Kind auf Polizeiauto\" title=\"Kind auf Polizeiauto\" width=\"204\" height=\"300\" class=\"alignnone size-medium wp-image-590\" srcset=\"https:\/\/kurios.at\/storys\/wp-content\/uploads\/2009\/07\/kindpolizei-204x300.jpg 204w, https:\/\/kurios.at\/storys\/wp-content\/uploads\/2009\/07\/kindpolizei.jpg 463w\" sizes=\"auto, (max-width: 204px) 100vw, 204px\" \/><\/a><br \/><small>&copy; n-tv.de<\/small>\n<\/td>\n<\/tr>\n<\/table>\n<p>Nach Filips Rettungsaktion wird die Dreij\u00e4hrige mit einem Krankenwagen vorsorglich in eine Klinik gebracht &#8211; dort k\u00f6nnen die \u00c4rzte nach Angaben der Feuerwehr sp\u00e4ter Entwarnung geben. Der auch eingetroffene Rettungshubschrauber wird nicht gebraucht, bildet aber eine willkommene Kulisse f\u00fcr ein Foto des jungen Helden.<\/p>\n<p>Auch die Fahrt von seiner Schule zum Polizeipr\u00e4sidium wird Filip in Erinnerung bleiben &#8211; daf\u00fcr wird er in einem Streifenwagen abgeholt. &#8220;Ich hatte eine langweilige Religionsstunde, deshalb war ich ganz froh&#8221;, sagt Filip. &#8220;Alle Mitsch\u00fcler wollten am liebsten mit, aber das ging nat\u00fcrlich nicht&#8221;. Laut Polizeisprecher Reichl soll der Junge nun f\u00fcr die Bayerische Lebensrettungsmedaille vorgeschlagen werden.<\/p>\n","protected":false},"excerpt":{"rendered":"<p>Wo erwachsene wegschauen und Kinder sofort helfen n-tv.de &#8211; Filip ist erst elf Jahre alt und doch schon ein Held. Am Riemer See in M\u00fcnchen hat er ein dreij\u00e4hriges M\u00e4dchen vor dem Ertrinken gerettet. &#8220;Der Junge hat alles richtig gemacht&#8221;, lobte Polizeisprecher Peter Reichl den Mut des Sch\u00fclers. Er habe gar nicht lange \u00fcberlegt und [&hellip;]<\/p>\n","protected":false},"author":1,"featured_media":0,"comment_status":"open","ping_status":"open","sticky":false,"template":"","format":"standard","meta":{"footnotes":""},"categories":[3],"tags":[646,590,644,55,68,645],"class_list":["post-589","post","type-post","status-publish","format-standard","hentry","category-allgemein","tag-ertrinken","tag-helfen","tag-junge","tag-kind","tag-wasser","tag-zivilcourage"],"_links":{"self":[{"href":"https:\/\/kurios.at\/storys\/wp-json\/wp\/v2\/posts\/589","targetHints":{"allow":["GET"]}}],"collection":[{"href":"https:\/\/kurios.at\/storys\/wp-json\/wp\/v2\/posts"}],"about":[{"href":"https:\/\/kurios.at\/storys\/wp-json\/wp\/v2\/types\/post"}],"author":[{"embeddable":true,"href":"https:\/\/kurios.at\/storys\/wp-json\/wp\/v2\/users\/1"}],"replies":[{"embeddable":true,"href":"https:\/\/kurios.at\/storys\/wp-json\/wp\/v2\/comments?post=589"}],"version-history":[{"count":0,"href":"https:\/\/kurios.at\/storys\/wp-json\/wp\/v2\/posts\/589\/revisions"}],"wp:attachment":[{"href":"https:\/\/kurios.at\/storys\/wp-json\/wp\/v2\/media?parent=589"}],"wp:term":[{"taxonomy":"category","embeddable":true,"href":"https:\/\/kurios.at\/storys\/wp-json\/wp\/v2\/categories?post=589"},{"taxonomy":"post_tag","embeddable":true,"href":"https:\/\/kurios.at\/storys\/wp-json\/wp\/v2\/tags?post=589"}],"curies":[{"name":"wp","href":"https:\/\/api.w.org\/{rel}","templated":true}]}}