{"id":593,"date":"2009-07-20T10:20:18","date_gmt":"2009-07-20T08:20:18","guid":{"rendered":"http:\/\/kurios.at\/storys\/?p=593"},"modified":"2009-07-20T14:37:56","modified_gmt":"2009-07-20T12:37:56","slug":"ich-bin-mal-kurz-beim-baecker","status":"publish","type":"post","link":"https:\/\/kurios.at\/storys\/593\/ich-bin-mal-kurz-beim-baecker\/","title":{"rendered":"Ich bin mal kurz beim B\u00e4cker"},"content":{"rendered":"<h1 class=\"storys\"><center>Ich bin mal kurz beim B\u00e4cker<\/center><\/h1>\n<p><font class=\"storys\"><br \/>\n<br \/>\n<a href=\"http:\/\/krone.at\">krone.at<\/a> &#8211; Seine Zerstreutheit hat einem Belgier auf der Fahrt zum n\u00e4chsten B\u00e4cker einen Umweg von rund 400 Kilometern eingebracht. Der Mann habe in seiner belgischen Heimat nur kurz Semmeln holen wollen &#8211; und sei dabei falsch abgebogen, berichtete die Polizei im deutschen W\u00fcrzburg am Freitag. Seine mehrst\u00fcndige Fahrt \u00fcber deutsche Autobahnen endete schlie\u00dflich auf einem Anstieg, wo sein Wagen mit leerem Benzintank stehenblieb. Das Auto wurde abgeschleppt, der Mann am Polizeirevier von Familienangeh\u00f6rigen abgeholt.<br \/>\n<center><br \/>\n<img loading=\"lazy\" decoding=\"async\" src=\"http:\/\/kurios.at\/storys\/wp-content\/uploads\/2009\/07\/Semmel.jpg\" alt=\"Semmel\" title=\"Semmel\" width=\"191\" height=\"193\" class=\"alignnone size-full wp-image-595\" \/><br \/>\n<\/center><br \/>\nDer Belgier war anderen Autofahrern aufgefallen, als er in Badeschlapfen auf der Autobahn ziellos umherlief. Nach Angaben seiner Tochter f\u00e4hrt der leicht verwirrte Pensionist \u00f6fters Auto und findet sich dann nicht mehr zurecht. Aber so weit wie am Donnerstag sei er noch nie umhergeirrt.<\/p>\n<p><small>Danke an &#8220;Andi aus Muthgasse&#8221;<\/small><\/p>\n","protected":false},"excerpt":{"rendered":"<p>Ich bin mal kurz beim B\u00e4cker krone.at &#8211; Seine Zerstreutheit hat einem Belgier auf der Fahrt zum n\u00e4chsten B\u00e4cker einen Umweg von rund 400 Kilometern eingebracht. Der Mann habe in seiner belgischen Heimat nur kurz Semmeln holen wollen &#8211; und sei dabei falsch abgebogen, berichtete die Polizei im deutschen W\u00fcrzburg am Freitag. Seine mehrst\u00fcndige Fahrt [&hellip;]<\/p>\n","protected":false},"author":1,"featured_media":0,"comment_status":"open","ping_status":"open","sticky":false,"template":"","format":"standard","meta":{"footnotes":""},"categories":[3],"tags":[437,650,653,652,651],"class_list":["post-593","post","type-post","status-publish","format-standard","hentry","category-allgemein","tag-auto","tag-backer","tag-brotchen","tag-semmel","tag-umweg"],"_links":{"self":[{"href":"https:\/\/kurios.at\/storys\/wp-json\/wp\/v2\/posts\/593","targetHints":{"allow":["GET"]}}],"collection":[{"href":"https:\/\/kurios.at\/storys\/wp-json\/wp\/v2\/posts"}],"about":[{"href":"https:\/\/kurios.at\/storys\/wp-json\/wp\/v2\/types\/post"}],"author":[{"embeddable":true,"href":"https:\/\/kurios.at\/storys\/wp-json\/wp\/v2\/users\/1"}],"replies":[{"embeddable":true,"href":"https:\/\/kurios.at\/storys\/wp-json\/wp\/v2\/comments?post=593"}],"version-history":[{"count":0,"href":"https:\/\/kurios.at\/storys\/wp-json\/wp\/v2\/posts\/593\/revisions"}],"wp:attachment":[{"href":"https:\/\/kurios.at\/storys\/wp-json\/wp\/v2\/media?parent=593"}],"wp:term":[{"taxonomy":"category","embeddable":true,"href":"https:\/\/kurios.at\/storys\/wp-json\/wp\/v2\/categories?post=593"},{"taxonomy":"post_tag","embeddable":true,"href":"https:\/\/kurios.at\/storys\/wp-json\/wp\/v2\/tags?post=593"}],"curies":[{"name":"wp","href":"https:\/\/api.w.org\/{rel}","templated":true}]}}